{"id":7731,"__str__":"Indica\u00e7\u00e3o n\u00ba 329 de 2026","link_detail_backend":"/materia/7731","metadata":{"signs":{"texto_original":{"admin":[],"autores":[["Adriel de Oliveira Nascimento",["2026-04-01T08:22:09-03:00","ICP-Brasil - Certificado PF A3"]],["Alexandre de Jesus Pinheiro",["2026-04-01T12:16:08-03:00","ICP-Brasil"]],["Andrea Aparecida Garcia Tardio",["2026-04-01T08:54:58-03:00","ICP-Brasil - Certificado PF A3"]],["Camilla Hellen de Souza Soares",["2026-04-01T09:35:46-03:00","ICP-Brasil - Certificado PF A3"]],["Clair Profirio Gomes",["2026-04-01T12:33:39-03:00","ICP-Brasil"]],["Fabio Gigli Rabechini",["2026-04-01T10:24:15-03:00","ICP-Brasil - Certificado PF A3"]],["Josuel Dias da Conceicao Alves",["2026-04-01T10:36:32-03:00","ICP-Brasil"]],["Paulo Henrique Faltz",["2026-04-07T11:13:49-03:00","ICP-Brasil"]],["Webert Donizete Carvalho",["2026-04-01T09:15:49-03:00","ICP-Brasil - Certificado PF A3"]]]}}},"numero":329,"ano":2026,"numero_protocolo":390,"data_apresentacao":"2026-04-01","tipo_apresentacao":"","data_publicacao":null,"numero_origem_externa":"","ano_origem_externa":null,"data_origem_externa":null,"apelido":"","dias_prazo":null,"data_fim_prazo":null,"em_tramitacao":false,"polemica":false,"objeto":"","complementar":false,"ementa":"Indicamos ao Poder Executivo a ado\u00e7\u00e3o de pol\u00edtica p\u00fablica de capta\u00e7\u00e3o de recursos, por meio de linha de cr\u00e9dito, destinada \u00e0 implementa\u00e7\u00e3o de programa de recapeamento asf\u00e1ltico no Munic\u00edpio de Monte Mor.","indexacao":"","observacao":"","resultado":"","texto_original":"http://sapl.montemor.sp.leg.br/media/sapl/public/materialegislativa/2026/7731/ind_329-2026_assinado.pdf","data_ultima_atualizacao":"2026-04-08T16:56:37.598180-03:00","ip":"201.28.143.66","ultima_edicao":"2026-04-07T11:18:53.731676-03:00","tipo":8,"regime_tramitacao":6,"tipo_origem_externa":null,"local_origem_externa":null,"user":33,"anexadas":[],"autores":[44,3,46,48,135,133,51,52]}