{"id":7284,"__str__":"Mo\u00e7\u00e3o n\u00ba 26 de 2025","link_detail_backend":"/materia/7284","metadata":{"signs":{"texto_original":{"admin":[],"autores":[["Alexandre de Jesus Pinheiro",["2025-11-17T17:18:32-03:00","ICP-Brasil"]],["Andrea Aparecida Garcia Tardio",["2025-11-19T12:58:19-03:00","ICP-Brasil - Certificado PF A3"]],["Clair Profirio Gomes",["2025-11-24T13:48:43-03:00","ICP-Brasil"]],["Edson Silva Ferreira de Lima",["2025-11-19T15:23:05-03:00","ICP-Brasil"]],["Fabio Gigli Rabechini",["2025-11-25T16:41:15-03:00","ICP-Brasil - Certificado PF A3"]],["Josuel Dias da Conceicao Alves",["2025-11-24T10:07:50-03:00","ICP-Brasil"]],["Milziane Menezes de Brito",["2025-11-24T14:14:02-03:00","ICP-Brasil - Certificado PF A3"]],["Paulo Henrique Faltz",["2025-12-08T17:21:41-03:00","ICP-Brasil"]],["Renato Brischi Olivatto",["2025-11-24T15:27:19-03:00","ICP-Brasil"]],["Webert Donizete Carvalho",["2025-11-17T11:50:07-03:00","ICP-Brasil - Certificado PF A3"]]]}}},"numero":26,"ano":2025,"numero_protocolo":1425,"data_apresentacao":"2025-11-28","tipo_apresentacao":"","data_publicacao":null,"numero_origem_externa":"","ano_origem_externa":null,"data_origem_externa":null,"apelido":"","dias_prazo":null,"data_fim_prazo":null,"em_tramitacao":false,"polemica":false,"objeto":"","complementar":false,"ementa":"Mo\u00e7\u00e3o de Apelo ao Minist\u00e9rio dos Portos e Aeroportos e para a ANAC pela perman\u00eancia da concession\u00e1ria Aeroportos Brasil Viracopos S.A. na condu\u00e7\u00e3o e administra\u00e7\u00e3o do Aeroporto Internacional de Viracopos, situado em Campinas/SP.","indexacao":"","observacao":"","resultado":"","texto_original":"http://sapl.montemor.sp.leg.br/media/sapl/public/materialegislativa/2025/7284/moc_26-2025_assinado.pdf","data_ultima_atualizacao":"2025-12-09T09:08:33.876922-03:00","ip":"201.28.143.66","ultima_edicao":"2025-12-08T17:36:29.542465-03:00","tipo":7,"regime_tramitacao":1,"tipo_origem_externa":null,"local_origem_externa":null,"user":33,"anexadas":[],"autores":[44,3,46,135,136,133,49,51,132]}