{"id":6946,"__str__":"Indica\u00e7\u00e3o n\u00ba 946 de 2025","link_detail_backend":"/materia/6946","metadata":{"signs":{"texto_original":{"admin":[],"autores":[["Josuel Dias da Conceicao Alves",["2025-08-25T11:47:59-03:00","ICP-Brasil"]],["Paulo Henrique Faltz",["2025-09-02T16:41:12-03:00","ICP-Brasil"]]]}}},"numero":946,"ano":2025,"numero_protocolo":1115,"data_apresentacao":"2025-08-29","tipo_apresentacao":"","data_publicacao":null,"numero_origem_externa":"","ano_origem_externa":null,"data_origem_externa":null,"apelido":"","dias_prazo":null,"data_fim_prazo":null,"em_tramitacao":false,"polemica":false,"objeto":"","complementar":false,"ementa":"Indico ao Poder Executivo a contrata\u00e7\u00e3o de um m\u00e9dico clinico geral para a UBS Ad\u00e3o Fernandes de Souza no Jardim Colina.","indexacao":"","observacao":"","resultado":"","texto_original":"http://sapl.montemor.sp.leg.br/media/sapl/public/materialegislativa/2025/6946/ind_946-2025_assinado.pdf","data_ultima_atualizacao":"2025-09-04T08:45:45.383605-03:00","ip":"45.238.118.170","ultima_edicao":"2025-09-04T08:45:45.132086-03:00","tipo":8,"regime_tramitacao":6,"tipo_origem_externa":null,"local_origem_externa":null,"user":33,"anexadas":[],"autores":[133]}