{"id":6878,"__str__":"Mo\u00e7\u00e3o n\u00ba 21 de 2025","link_detail_backend":"/materia/6878","metadata":{"signs":{"texto_original":{"admin":[],"autores":[["Josuel Dias da Conceicao Alves",["2025-08-04T11:11:24-03:00","ICP-Brasil"]],["Paulo Henrique Faltz",["2025-08-13T10:57:01-03:00","ICP-Brasil"]]]}}},"numero":21,"ano":2025,"numero_protocolo":1054,"data_apresentacao":"2025-08-08","tipo_apresentacao":"","data_publicacao":null,"numero_origem_externa":"","ano_origem_externa":null,"data_origem_externa":null,"apelido":"","dias_prazo":null,"data_fim_prazo":null,"em_tramitacao":false,"polemica":false,"objeto":"","complementar":false,"ementa":"Mo\u00e7\u00e3o de aplausos aos cidad\u00e3os Raimundo Pereira Neto e Sebasti\u00e3o Oliveira de Sousa por servi\u00e7os prestados a comunidade do Jardim Paulista.","indexacao":"","observacao":"","resultado":"","texto_original":"http://sapl.montemor.sp.leg.br/media/sapl/public/materialegislativa/2025/6878/moc_21-2025_assinado.pdf","data_ultima_atualizacao":"2025-08-19T09:20:44.040585-03:00","ip":"45.238.118.170","ultima_edicao":"2025-08-13T11:07:10.654410-03:00","tipo":7,"regime_tramitacao":1,"tipo_origem_externa":null,"local_origem_externa":null,"user":33,"anexadas":[],"autores":[133]}