{"id":6661,"__str__":"Indica\u00e7\u00e3o n\u00ba 764 de 2025","link_detail_backend":"/materia/6661","metadata":{"signs":{"texto_original":{"admin":[],"autores":[["Josuel Dias da Conceicao Alves",["2025-06-05T16:26:26-03:00","ICP-Brasil"]],["Paulo Henrique Faltz",["2025-06-10T14:08:07-03:00","ICP-Brasil"]]]}}},"numero":764,"ano":2025,"numero_protocolo":864,"data_apresentacao":"2025-06-06","tipo_apresentacao":"","data_publicacao":null,"numero_origem_externa":"","ano_origem_externa":null,"data_origem_externa":null,"apelido":"","dias_prazo":null,"data_fim_prazo":null,"em_tramitacao":false,"polemica":false,"objeto":"","complementar":false,"ementa":"Indico ao Poder Executivo a implanta\u00e7\u00e3o de uma linha telef\u00f4nica na unidade do Procon.","indexacao":"","observacao":"","resultado":"","texto_original":"http://sapl.montemor.sp.leg.br/media/sapl/public/materialegislativa/2025/6661/ind_764-2025_assinado.pdf","data_ultima_atualizacao":"2025-06-16T09:55:50.675621-03:00","ip":"45.238.118.170","ultima_edicao":"2025-06-10T14:28:11.025912-03:00","tipo":8,"regime_tramitacao":6,"tipo_origem_externa":null,"local_origem_externa":null,"user":33,"anexadas":[],"autores":[133]}