{"id":6659,"__str__":"Indica\u00e7\u00e3o n\u00ba 762 de 2025","link_detail_backend":"/materia/6659","metadata":{"signs":{"texto_original":{"admin":[],"autores":[["Josuel Dias da Conceicao Alves",["2025-06-05T14:50:10-03:00","ICP-Brasil"]],["Paulo Henrique Faltz",["2025-06-10T14:03:33-03:00","ICP-Brasil"]]]}}},"numero":762,"ano":2025,"numero_protocolo":862,"data_apresentacao":"2025-06-06","tipo_apresentacao":"","data_publicacao":null,"numero_origem_externa":"","ano_origem_externa":null,"data_origem_externa":null,"apelido":"","dias_prazo":null,"data_fim_prazo":null,"em_tramitacao":false,"polemica":false,"objeto":"","complementar":false,"ementa":"Indico ao Poder Executivo a aquisi\u00e7\u00e3o de dois aparelhos de ultrassonografia (efast) para a UPA Jo\u00e3o Brischi","indexacao":"","observacao":"","resultado":"","texto_original":"http://sapl.montemor.sp.leg.br/media/sapl/public/materialegislativa/2025/6659/ind_762-2025_assinado.pdf","data_ultima_atualizacao":"2025-06-16T09:55:50.229531-03:00","ip":"45.238.118.170","ultima_edicao":"2025-06-10T14:27:21.754696-03:00","tipo":8,"regime_tramitacao":6,"tipo_origem_externa":null,"local_origem_externa":null,"user":33,"anexadas":[],"autores":[133]}