{"id":6433,"__str__":"Indica\u00e7\u00e3o n\u00ba 573 de 2025","link_detail_backend":"/materia/6433","metadata":{"signs":{"texto_original":{"admin":[],"autores":[["Adriel de Oliveira Nascimento",["2025-04-17T14:39:55-03:00","ICP-Brasil"]],["Paulo Henrique Faltz",["2025-04-28T13:58:36-03:00","ICP-Brasil"]]]}}},"numero":573,"ano":2025,"numero_protocolo":644,"data_apresentacao":"2025-04-24","tipo_apresentacao":"","data_publicacao":null,"numero_origem_externa":"","ano_origem_externa":null,"data_origem_externa":null,"apelido":"","dias_prazo":null,"data_fim_prazo":null,"em_tramitacao":false,"polemica":false,"objeto":"","complementar":false,"ementa":"Indico ao Poder Executivo a elabora\u00e7\u00e3o do projeto de lei para cria\u00e7\u00e3o de carteira de identifica\u00e7\u00e3o dos portadores de fibromialgia no munic\u00edpio de Monte Mor.","indexacao":"","observacao":"","resultado":"","texto_original":"http://sapl.montemor.sp.leg.br/media/sapl/public/materialegislativa/2025/6433/ind_573-2025_assinado.pdf","data_ultima_atualizacao":"2025-04-30T15:39:08.236587-03:00","ip":"45.238.118.170","ultima_edicao":"2025-04-28T14:46:29.043709-03:00","tipo":8,"regime_tramitacao":6,"tipo_origem_externa":null,"local_origem_externa":null,"user":33,"anexadas":[],"autores":[52]}