{"id":6138,"__str__":"Indica\u00e7\u00e3o n\u00ba 322 de 2025","link_detail_backend":"/materia/6138","metadata":{"signs":{"texto_original":{"admin":[],"autores":[["Andrea Aparecida Garcia Tardio",["2025-03-07T08:01:58-03:00","ICP-Brasil"]],["Arthur Rehder da Cunha Patuci",["2025-03-19T14:16:06-03:00","ICP-Brasil"]]]}}},"numero":322,"ano":2025,"numero_protocolo":359,"data_apresentacao":"2025-03-13","tipo_apresentacao":"","data_publicacao":null,"numero_origem_externa":"","ano_origem_externa":null,"data_origem_externa":null,"apelido":"","dias_prazo":null,"data_fim_prazo":null,"em_tramitacao":false,"polemica":false,"objeto":"","complementar":false,"ementa":"Indico ao Poder Executivo a opera\u00e7\u00e3o tapa buracos na Avenida Papa Jo\u00e3o Paulo II em toda sua extens\u00e3o, do Bairro Jardim S\u00e3o Clemente","indexacao":"","observacao":"","resultado":"","texto_original":"http://sapl.montemor.sp.leg.br/media/sapl/public/materialegislativa/2025/6138/ind_322-2025_assinado.pdf","data_ultima_atualizacao":"2025-03-21T15:27:06.230143-03:00","ip":"45.238.118.170","ultima_edicao":"2025-03-19T14:16:39.198505-03:00","tipo":8,"regime_tramitacao":6,"tipo_origem_externa":null,"local_origem_externa":null,"user":26,"anexadas":[],"autores":[3]}