{"id":5771,"__str__":"Indica\u00e7\u00e3o n\u00ba 1 de 2025","link_detail_backend":"/materia/5771","metadata":{"signs":{"texto_original":{"admin":[],"autores":[["Arthur Rehder da Cunha Patuci",["2025-01-30T15:07:44-03:00","ICP-Brasil"]],["Valdirene Joandsin da Silva",["2025-01-07T11:30:29-03:00","ICP-Brasil"]]]}}},"numero":1,"ano":2025,"numero_protocolo":1,"data_apresentacao":"2025-01-29","tipo_apresentacao":"","data_publicacao":null,"numero_origem_externa":"","ano_origem_externa":null,"data_origem_externa":null,"apelido":"","dias_prazo":null,"data_fim_prazo":null,"em_tramitacao":false,"polemica":false,"objeto":"","complementar":false,"ementa":"Indica ao Poder Executivo a execu\u00e7\u00e3o da opera\u00e7\u00e3o tapa buracos na Rua Em\u00edlio Frederico Hass, defronte ao n\u00famero 185 do Jd. Panorama.","indexacao":"","observacao":"","resultado":"","texto_original":"http://sapl.montemor.sp.leg.br/media/sapl/public/materialegislativa/2025/5771/ind_01-2025_assinado.pdf","data_ultima_atualizacao":"2025-05-09T11:24:30.614522-03:00","ip":"201.28.143.66","ultima_edicao":"2025-05-09T11:24:30.248746-03:00","tipo":8,"regime_tramitacao":6,"tipo_origem_externa":null,"local_origem_externa":null,"user":26,"anexadas":[],"autores":[55]}