{"id":535,"__str__":"Projeto de Lei Ordin\u00e1ria n\u00ba 67 de 2018","link_detail_backend":"/materia/535","metadata":{},"numero":67,"ano":2018,"numero_protocolo":null,"data_apresentacao":"2018-05-24","tipo_apresentacao":"E","data_publicacao":null,"numero_origem_externa":"","ano_origem_externa":null,"data_origem_externa":null,"apelido":"","dias_prazo":null,"data_fim_prazo":null,"em_tramitacao":false,"polemica":null,"objeto":"","complementar":null,"ementa":"DISP\u00d5E SOBRE A DENOMINA\u00c7\u00c3O DA RUA 01 (UM), CH\u00c1CARAS PLANALTO, MONTE MOR &#8211; SP E D\u00c1 OUTRAS PROVID\u00caNCIAS","indexacao":"PASSANDO A SER DENOMINADA RUA NAIR DA COSTA CERYNO","observacao":"Passando a ser denominada Rua Nair da Costa Ceryno","resultado":"","texto_original":null,"data_ultima_atualizacao":"2019-03-06T14:21:05.563440-03:00","ip":"","ultima_edicao":null,"tipo":1,"regime_tramitacao":1,"tipo_origem_externa":null,"local_origem_externa":null,"user":null,"anexadas":[],"autores":[18]}