{"id":2263,"__str__":"Mo\u00e7\u00e3o n\u00ba 26 de 2021","link_detail_backend":"/materia/2263","metadata":{},"numero":26,"ano":2021,"numero_protocolo":509,"data_apresentacao":"2021-06-17","tipo_apresentacao":"","data_publicacao":null,"numero_origem_externa":"","ano_origem_externa":null,"data_origem_externa":null,"apelido":"","dias_prazo":null,"data_fim_prazo":null,"em_tramitacao":false,"polemica":false,"objeto":"","complementar":false,"ementa":"Mo\u00e7\u00e3o em Apelo ao Excelent\u00edssimo Governador do Estado de S\u00e3o Paulo visando a implanta\u00e7\u00e3o de pol\u00edticas p\u00fablicas de seguran\u00e7a nas escolas.","indexacao":"","observacao":"","resultado":"","texto_original":"http://sapl.montemor.sp.leg.br/media/sapl/public/materialegislativa/2021/2263/mocao_em_apelo_ao_excelentissimo_governador_do_estado_de_sao_paulo_visando_a_implantacao_de_politicas_publicas_de_seguranca_nas_escolas..pdf","data_ultima_atualizacao":"2021-06-29T13:34:07.439021-03:00","ip":"","ultima_edicao":null,"tipo":7,"regime_tramitacao":1,"tipo_origem_externa":null,"local_origem_externa":null,"user":null,"anexadas":[],"autores":[44]}