{"id":2066,"__str__":"Indica\u00e7\u00e3o n\u00ba 224 de 2021","link_detail_backend":"/materia/2066","metadata":{},"numero":224,"ano":2021,"numero_protocolo":314,"data_apresentacao":"2021-04-29","tipo_apresentacao":"","data_publicacao":null,"numero_origem_externa":"","ano_origem_externa":null,"data_origem_externa":null,"apelido":"","dias_prazo":null,"data_fim_prazo":null,"em_tramitacao":false,"polemica":false,"objeto":"","complementar":false,"ementa":"\"Indica o Poder Executivo a incluir no calend\u00e1rio \r\nde vacina\u00e7\u00e3o contra a COVID-19,\r\nusu\u00e1rios do transporte p\u00fablico coletivo de\r\nmassa entre os grupos priorit\u00e1rios na\r\nexecu\u00e7\u00e3o do Plano Municipal de Imuniza\u00e7\u00e3o\r\nno \u00e2mbito do Munic\u00edpio de Monte Mor\u201d.","indexacao":"","observacao":"","resultado":"","texto_original":"http://sapl.montemor.sp.leg.br/media/sapl/public/materialegislativa/2021/2066/incluir_no_calendario_de_vacinacao_contra_covid1920210427_11022442.pdf","data_ultima_atualizacao":"2021-05-04T11:57:08.830368-03:00","ip":"","ultima_edicao":null,"tipo":8,"regime_tramitacao":6,"tipo_origem_externa":null,"local_origem_externa":null,"user":null,"anexadas":[],"autores":[55]}